{"id":4649,"date":"2020-02-26T14:18:57","date_gmt":"2020-02-26T17:18:57","guid":{"rendered":"https:\/\/www.aussiestar.com.br\/conteudo\/?p=4649"},"modified":"2020-04-30T21:52:55","modified_gmt":"2020-05-01T00:52:55","slug":"henrique-e-nathalia-26-anos-malta","status":"publish","type":"post","link":"https:\/\/www.aussiestar.com.br\/conteudo\/intercambio\/henrique-e-nathalia-26-anos-malta\/","title":{"rendered":"Henrique e Nathalia, 26 anos &#8211; Malta"},"content":{"rendered":"\n    <section class=\"imageblock switchable feature-large\">\n        <div class=\"imageblock__content col-md-6 col-sm-4 pos-right\">\n            <div class=\"background-image-holder\"><img alt=\"\" src=\"https:\/\/www.aussiestar.com.br\/conteudo\/wp-content\/uploads\/2020\/02\/24883463_1876414489052702_1613441996647407388_o.jpg\"><\/div>\n            <div class=\"modal-instance\">\n                <div class=\"video-play-icon modal-trigger\"><\/div>\n                <div class=\"modal-container\">\n                    <div class=\"modal-content bg-dark\" data-width=\"60%\" data-height=\"60%\"><iframe allowfullscreen=\"allowfullscreen\" src=\"https:\/\/www.youtube.com\/embed\/oOFhd0qFLG0\"><\/iframe><\/div>\n                    <!--end of modal-content-->\n                <\/div>\n                <!--end of modal-container-->\n            <\/div>\n            <!--end of modal instance-->\n        <\/div>\n        <div class=\"container\">\n            <div class=\"row\">\n                <div class=\"col-md-5 col-sm-7\">\n                    <h2>Jericoacoara ou Malta?<\/h2>\n                    <p class=\"lead\"><span>Henrique Souza e Nathalia Souza decidiram trocar sua viagem de alguns dias em Jericoacoara por uma viagem de 1 m\u00eas de interc\u00e2mbio para Malta. Aproveitaram o lindo arquip\u00e9lago para conhecer suas paisagens e gastronomia ex\u00f3tica enquanto cursavem 1 m\u00eas de Ingl\u00eas. Uma viagem para guardar no cora\u00e7\u00e3o e dividir experi\u00eancias para nossos futuros viajantes. <\/span><\/p>\n                    <p class=\"lead\"><span>@henriquesouzap1 <br><\/span><span>@nathsouzapires<\/span><\/p>\n                <\/div>\n            <\/div>\n            <!--end of row-->\n        <\/div>\n        <!--end of container-->\n    <\/section>\n    \n","protected":false},"excerpt":{"rendered":"<p>Jericoacoara ou Malta? Henrique Souza e Nathalia Souza decidiram trocar sua viagem de alguns dias em Jericoacoara por uma viagem de 1&#8230;<\/p>\n","protected":false},"author":2,"featured_media":4382,"comment_status":"open","ping_status":"open","sticky":false,"template":"","format":"standard","meta":{"footnotes":""},"categories":[51,30],"tags":[37,33,35,36],"class_list":["post-4649","post","type-post","status-publish","format-standard","has-post-thumbnail","hentry","category-depoimentos","category-intercambio","tag-intercambio","tag-malta","tag-travel","tag-viagem"],"_links":{"self":[{"href":"https:\/\/www.aussiestar.com.br\/conteudo\/wp-json\/wp\/v2\/posts\/4649","targetHints":{"allow":["GET"]}}],"collection":[{"href":"https:\/\/www.aussiestar.com.br\/conteudo\/wp-json\/wp\/v2\/posts"}],"about":[{"href":"https:\/\/www.aussiestar.com.br\/conteudo\/wp-json\/wp\/v2\/types\/post"}],"author":[{"embeddable":true,"href":"https:\/\/www.aussiestar.com.br\/conteudo\/wp-json\/wp\/v2\/users\/2"}],"replies":[{"embeddable":true,"href":"https:\/\/www.aussiestar.com.br\/conteudo\/wp-json\/wp\/v2\/comments?post=4649"}],"version-history":[{"count":13,"href":"https:\/\/www.aussiestar.com.br\/conteudo\/wp-json\/wp\/v2\/posts\/4649\/revisions"}],"predecessor-version":[{"id":4948,"href":"https:\/\/www.aussiestar.com.br\/conteudo\/wp-json\/wp\/v2\/posts\/4649\/revisions\/4948"}],"wp:featuredmedia":[{"embeddable":true,"href":"https:\/\/www.aussiestar.com.br\/conteudo\/wp-json\/wp\/v2\/media\/4382"}],"wp:attachment":[{"href":"https:\/\/www.aussiestar.com.br\/conteudo\/wp-json\/wp\/v2\/media?parent=4649"}],"wp:term":[{"taxonomy":"category","embeddable":true,"href":"https:\/\/www.aussiestar.com.br\/conteudo\/wp-json\/wp\/v2\/categories?post=4649"},{"taxonomy":"post_tag","embeddable":true,"href":"https:\/\/www.aussiestar.com.br\/conteudo\/wp-json\/wp\/v2\/tags?post=4649"}],"curies":[{"name":"wp","href":"https:\/\/api.w.org\/{rel}","templated":true}]}}